{"id":3291,"date":"2026-03-08T10:11:57","date_gmt":"2026-03-08T10:11:57","guid":{"rendered":"https:\/\/artmovementsmag.ro\/?p=3291"},"modified":"2026-03-09T08:58:29","modified_gmt":"2026-03-09T08:58:29","slug":"marcel-lupse-expozitie-personala-retrospectiva","status":"publish","type":"post","link":"https:\/\/artmovementsmag.ro\/en\/marcel-lupse-expozitie-personala-retrospectiva\/","title":{"rendered":"Marcel Lup\u0219e &#8211; Expozi\u021bie personal\u0103 retrospectiv\u0103"},"content":{"rendered":"<div data-elementor-type=\"wp-post\" data-elementor-id=\"3291\" class=\"elementor elementor-3291\">\n\t\t\t\t<div class=\"elementor-element elementor-element-602d4fd e-flex e-con-boxed e-con e-parent\" data-id=\"602d4fd\" data-element_type=\"container\" data-e-type=\"container\">\n\t\t\t\t\t<div class=\"e-con-inner\">\n\t\t\t\t<div class=\"elementor-element elementor-element-4c7f91d elementor-widget elementor-widget-heading\" data-id=\"4c7f91d\" data-element_type=\"widget\" data-e-type=\"widget\" data-widget_type=\"heading.default\">\n\t\t\t\t\t<h5 class=\"elementor-heading-title elementor-size-default\">\u201eC\u00e2nd culoarea \u00eent\u00e2lne\u0219te elegan\u021ba: Universul lui Marcel Lup\u0219e \u00een s\u0103lile Muzeului de Arta din Cluj-Napoca\u201e<h3 style=\", sans-serif;letter-spacing: normal;text-align: center\"><br><\/h3><\/h5>\t\t\t\t<\/div>\n\t\t\t\t\t<\/div>\n\t\t\t\t<\/div>\n\t\t<div class=\"elementor-element elementor-element-3bb1a37 e-con-full e-flex e-con e-parent\" data-id=\"3bb1a37\" data-element_type=\"container\" data-e-type=\"container\">\n\t\t\t\t<div class=\"elementor-element elementor-element-1dd5670 elementor-widget elementor-widget-image\" data-id=\"1dd5670\" data-element_type=\"widget\" data-e-type=\"widget\" data-widget_type=\"image.default\">\n\t\t\t\t\t\t\t\t\t\t\t\t\t\t\t<img fetchpriority=\"high\" decoding=\"async\" width=\"1024\" height=\"1024\" src=\"https:\/\/artmovementsmag.ro\/wp-content\/uploads\/2026\/03\/DSC_5232C-1-1024x1024.jpg\" class=\"attachment-large size-large wp-image-3293\" alt=\"dsc 5232,c (1)\" srcset=\"https:\/\/artmovementsmag.ro\/wp-content\/uploads\/2026\/03\/DSC_5232C-1-1024x1024.jpg 1024w, https:\/\/artmovementsmag.ro\/wp-content\/uploads\/2026\/03\/DSC_5232C-1-300x300.jpg 300w, https:\/\/artmovementsmag.ro\/wp-content\/uploads\/2026\/03\/DSC_5232C-1-100x100.jpg 100w, https:\/\/artmovementsmag.ro\/wp-content\/uploads\/2026\/03\/DSC_5232C-1-600x600.jpg 600w, https:\/\/artmovementsmag.ro\/wp-content\/uploads\/2026\/03\/DSC_5232C-1-150x150.jpg 150w, https:\/\/artmovementsmag.ro\/wp-content\/uploads\/2026\/03\/DSC_5232C-1-768x768.jpg 768w, https:\/\/artmovementsmag.ro\/wp-content\/uploads\/2026\/03\/DSC_5232C-1.jpg 1512w\" sizes=\"(max-width: 1024px) 100vw, 1024px\" title=\"Marcel Lup\u0219e - Expozi\u021bie personal\u0103 retrospectiv\u0103\">\t\t\t\t\t\t\t\t\t\t\t\t\t\t\t<\/div>\n\t\t\t\t<\/div>\n\t\t<div class=\"elementor-element elementor-element-2f45279 e-flex e-con-boxed e-con e-parent\" data-id=\"2f45279\" data-element_type=\"container\" data-e-type=\"container\">\n\t\t\t\t\t<div class=\"e-con-inner\">\n\t\t\t\t<div class=\"elementor-element elementor-element-0ea321b elementor-widget elementor-widget-image\" data-id=\"0ea321b\" data-element_type=\"widget\" data-e-type=\"widget\" data-widget_type=\"image.default\">\n\t\t\t\t\t\t\t\t\t\t\t\t\t\t\t<img decoding=\"async\" width=\"1024\" height=\"1024\" src=\"https:\/\/artmovementsmag.ro\/wp-content\/uploads\/2026\/03\/3-1-1-1024x1024.jpg\" class=\"attachment-large size-large wp-image-3337\" alt=\"3 1 1 1024x1024\" srcset=\"https:\/\/artmovementsmag.ro\/wp-content\/uploads\/2026\/03\/3-1-1-1024x1024.jpg 1024w, https:\/\/artmovementsmag.ro\/wp-content\/uploads\/2026\/03\/3-1-1-300x300.jpg 300w, https:\/\/artmovementsmag.ro\/wp-content\/uploads\/2026\/03\/3-1-1-100x100.jpg 100w, https:\/\/artmovementsmag.ro\/wp-content\/uploads\/2026\/03\/3-1-1-600x600.jpg 600w, https:\/\/artmovementsmag.ro\/wp-content\/uploads\/2026\/03\/3-1-1-150x150.jpg 150w, https:\/\/artmovementsmag.ro\/wp-content\/uploads\/2026\/03\/3-1-1-768x768.jpg 768w, https:\/\/artmovementsmag.ro\/wp-content\/uploads\/2026\/03\/3-1-1.jpg 1512w\" sizes=\"(max-width: 1024px) 100vw, 1024px\" title=\"Marcel Lup\u0219e - Expozi\u021bie personal\u0103 retrospectiv\u0103\">\t\t\t\t\t\t\t\t\t\t\t\t\t\t\t<\/div>\n\t\t\t\t<div class=\"elementor-element elementor-element-364c7ed elementor-widget elementor-widget-image\" data-id=\"364c7ed\" data-element_type=\"widget\" data-e-type=\"widget\" data-widget_type=\"image.default\">\n\t\t\t\t\t\t\t\t\t\t\t\t\t\t\t<img decoding=\"async\" width=\"1024\" height=\"1024\" src=\"https:\/\/artmovementsmag.ro\/wp-content\/uploads\/2026\/03\/DSC_5199-2-1024x1024.jpg\" class=\"attachment-large size-large wp-image-3384\" alt=\"DSC 5199 2 1024x1024\" srcset=\"https:\/\/artmovementsmag.ro\/wp-content\/uploads\/2026\/03\/DSC_5199-2-1024x1024.jpg 1024w, https:\/\/artmovementsmag.ro\/wp-content\/uploads\/2026\/03\/DSC_5199-2-300x300.jpg 300w, https:\/\/artmovementsmag.ro\/wp-content\/uploads\/2026\/03\/DSC_5199-2-100x100.jpg 100w, https:\/\/artmovementsmag.ro\/wp-content\/uploads\/2026\/03\/DSC_5199-2-600x600.jpg 600w, https:\/\/artmovementsmag.ro\/wp-content\/uploads\/2026\/03\/DSC_5199-2-150x150.jpg 150w, https:\/\/artmovementsmag.ro\/wp-content\/uploads\/2026\/03\/DSC_5199-2-768x768.jpg 768w, https:\/\/artmovementsmag.ro\/wp-content\/uploads\/2026\/03\/DSC_5199-2.jpg 1491w\" sizes=\"(max-width: 1024px) 100vw, 1024px\" title=\"Marcel Lup\u0219e - Expozi\u021bie personal\u0103 retrospectiv\u0103\">\t\t\t\t\t\t\t\t\t\t\t\t\t\t\t<\/div>\n\t\t\t\t<div class=\"elementor-element elementor-element-a6834d2 elementor-widget elementor-widget-image\" data-id=\"a6834d2\" data-element_type=\"widget\" data-e-type=\"widget\" data-widget_type=\"image.default\">\n\t\t\t\t\t\t\t\t\t\t\t\t\t\t\t<img loading=\"lazy\" decoding=\"async\" width=\"1024\" height=\"761\" src=\"https:\/\/artmovementsmag.ro\/wp-content\/uploads\/2026\/03\/DSC_5273333333-1024x761.jpg\" class=\"attachment-large size-large wp-image-3408\" alt=\"DSC 5273333333 1024x761\" srcset=\"https:\/\/artmovementsmag.ro\/wp-content\/uploads\/2026\/03\/DSC_5273333333-1024x761.jpg 1024w, https:\/\/artmovementsmag.ro\/wp-content\/uploads\/2026\/03\/DSC_5273333333-scaled-600x446.jpg 600w, https:\/\/artmovementsmag.ro\/wp-content\/uploads\/2026\/03\/DSC_5273333333-300x223.jpg 300w, https:\/\/artmovementsmag.ro\/wp-content\/uploads\/2026\/03\/DSC_5273333333-768x571.jpg 768w, https:\/\/artmovementsmag.ro\/wp-content\/uploads\/2026\/03\/DSC_5273333333-1536x1142.jpg 1536w, https:\/\/artmovementsmag.ro\/wp-content\/uploads\/2026\/03\/DSC_5273333333-2048x1522.jpg 2048w\" sizes=\"(max-width: 1024px) 100vw, 1024px\" title=\"Marcel Lup\u0219e - Expozi\u021bie personal\u0103 retrospectiv\u0103\">\t\t\t\t\t\t\t\t\t\t\t\t\t\t\t<\/div>\n\t\t\t\t\t<\/div>\n\t\t\t\t<\/div>\n\t\t<div class=\"elementor-element elementor-element-7f7dcb6 e-flex e-con-boxed e-con e-parent\" data-id=\"7f7dcb6\" data-element_type=\"container\" data-e-type=\"container\">\n\t\t\t\t\t<div class=\"e-con-inner\">\n\t\t\t\t\t<\/div>\n\t\t\t\t<\/div>\n\t\t<div class=\"elementor-element elementor-element-af15ffd e-flex e-con-boxed e-con e-parent\" data-id=\"af15ffd\" data-element_type=\"container\" data-e-type=\"container\">\n\t\t\t\t\t<div class=\"e-con-inner\">\n\t\t\t\t\t<\/div>\n\t\t\t\t<\/div>\n\t\t<div class=\"elementor-element elementor-element-74bebb8 e-flex e-con-boxed e-con e-parent\" data-id=\"74bebb8\" data-element_type=\"container\" data-e-type=\"container\">\n\t\t\t\t\t<div class=\"e-con-inner\">\n\t\t\t\t\t<\/div>\n\t\t\t\t<\/div>\n\t\t<div class=\"elementor-element elementor-element-6c9622a e-flex e-con-boxed e-con e-parent\" data-id=\"6c9622a\" data-element_type=\"container\" data-e-type=\"container\">\n\t\t\t\t\t<div class=\"e-con-inner\">\n\t\t\t\t\t<\/div>\n\t\t\t\t<\/div>\n\t\t<div class=\"elementor-element elementor-element-fa55254 e-flex e-con-boxed e-con e-parent\" data-id=\"fa55254\" data-element_type=\"container\" data-e-type=\"container\">\n\t\t\t\t\t<div class=\"e-con-inner\">\n\t\t\t\t\t<\/div>\n\t\t\t\t<\/div>\n\t\t<div class=\"elementor-element elementor-element-ebf3944 e-flex e-con-boxed e-con e-parent\" data-id=\"ebf3944\" data-element_type=\"container\" data-e-type=\"container\">\n\t\t\t\t\t<div class=\"e-con-inner\">\n\t\t\t\t\t<\/div>\n\t\t\t\t<\/div>\n\t\t<div class=\"elementor-element elementor-element-399b139 e-flex e-con-boxed e-con e-parent\" data-id=\"399b139\" data-element_type=\"container\" data-e-type=\"container\">\n\t\t\t\t\t<div class=\"e-con-inner\">\n\t\t\t\t\t<\/div>\n\t\t\t\t<\/div>\n\t\t<div class=\"elementor-element elementor-element-113f1b4 e-flex e-con-boxed e-con e-parent\" data-id=\"113f1b4\" data-element_type=\"container\" data-e-type=\"container\">\n\t\t\t\t\t<div class=\"e-con-inner\">\n\t\t\t\t\t<\/div>\n\t\t\t\t<\/div>\n\t\t<div class=\"elementor-element elementor-element-0dfd369 e-flex e-con-boxed e-con e-parent\" data-id=\"0dfd369\" data-element_type=\"container\" data-e-type=\"container\">\n\t\t\t\t\t<div class=\"e-con-inner\">\n\t\t\t\t\t<\/div>\n\t\t\t\t<\/div>\n\t\t<div class=\"elementor-element elementor-element-2a320cb e-flex e-con-boxed e-con e-parent\" data-id=\"2a320cb\" data-element_type=\"container\" data-e-type=\"container\">\n\t\t\t\t\t<div class=\"e-con-inner\">\n\t\t\t\t\t<\/div>\n\t\t\t\t<\/div>\n\t\t<div class=\"elementor-element elementor-element-1cba642 e-flex e-con-boxed e-con e-parent\" data-id=\"1cba642\" data-element_type=\"container\" data-e-type=\"container\">\n\t\t\t\t\t<div class=\"e-con-inner\">\n\t\t\t\t\t<\/div>\n\t\t\t\t<\/div>\n\t\t\t\t<\/div>","protected":false},"excerpt":{"rendered":"<p>\u201eC\u00e2nd culoarea \u00eent\u00e2lne\u0219te elegan\u021ba: Universul lui Marcel Lup\u0219e \u00een s\u0103lile Muzeului de Arta din Cluj-Napoca\u201e<\/p>","protected":false},"author":1,"featured_media":3292,"comment_status":"open","ping_status":"open","sticky":false,"template":"","format":"standard","meta":{"_uag_custom_page_level_css":"","footnotes":""},"categories":[202],"tags":[],"class_list":["post-3291","post","type-post","status-publish","format-standard","has-post-thumbnail","hentry","category-expozitii-2"],"aioseo_notices":[],"uagb_featured_image_src":{"full":["https:\/\/artmovementsmag.ro\/wp-content\/uploads\/2026\/03\/DSC_5220nk.jpg",1492,1492,false],"thumbnail":["https:\/\/artmovementsmag.ro\/wp-content\/uploads\/2026\/03\/DSC_5220nk-150x150.jpg",150,150,true],"medium":["https:\/\/artmovementsmag.ro\/wp-content\/uploads\/2026\/03\/DSC_5220nk-300x300.jpg",300,300,true],"medium_large":["https:\/\/artmovementsmag.ro\/wp-content\/uploads\/2026\/03\/DSC_5220nk-768x768.jpg",768,768,true],"large":["https:\/\/artmovementsmag.ro\/wp-content\/uploads\/2026\/03\/DSC_5220nk-1024x1024.jpg",1024,1024,true],"1536x1536":["https:\/\/artmovementsmag.ro\/wp-content\/uploads\/2026\/03\/DSC_5220nk.jpg",1492,1492,false],"2048x2048":["https:\/\/artmovementsmag.ro\/wp-content\/uploads\/2026\/03\/DSC_5220nk.jpg",1492,1492,false],"trp-custom-language-flag":["https:\/\/artmovementsmag.ro\/wp-content\/uploads\/2026\/03\/DSC_5220nk.jpg",12,12,false],"slider-bg":["https:\/\/artmovementsmag.ro\/wp-content\/uploads\/2026\/03\/DSC_5220nk-1492x600.jpg",1492,600,true],"card-grid":["https:\/\/artmovementsmag.ro\/wp-content\/uploads\/2026\/03\/DSC_5220nk-600x900.jpg",600,900,true],"card-list":["https:\/\/artmovementsmag.ro\/wp-content\/uploads\/2026\/03\/DSC_5220nk-600x700.jpg",600,700,true],"tiny":["https:\/\/artmovementsmag.ro\/wp-content\/uploads\/2026\/03\/DSC_5220nk.jpg",60,60,false],"thumbnail-medium":["https:\/\/artmovementsmag.ro\/wp-content\/uploads\/2026\/03\/DSC_5220nk.jpg",384,384,false],"thumbnail-square":["https:\/\/artmovementsmag.ro\/wp-content\/uploads\/2026\/03\/DSC_5220nk.jpg",480,480,false],"thumbnail-portrait":["https:\/\/artmovementsmag.ro\/wp-content\/uploads\/2026\/03\/DSC_5220nk.jpg",480,480,false],"thumbnail-large":["https:\/\/artmovementsmag.ro\/wp-content\/uploads\/2026\/03\/DSC_5220nk.jpg",480,480,false],"woocommerce_thumbnail":["https:\/\/artmovementsmag.ro\/wp-content\/uploads\/2026\/03\/DSC_5220nk-300x300.jpg",300,300,true],"woocommerce_single":["https:\/\/artmovementsmag.ro\/wp-content\/uploads\/2026\/03\/DSC_5220nk-600x600.jpg",600,600,true],"woocommerce_gallery_thumbnail":["https:\/\/artmovementsmag.ro\/wp-content\/uploads\/2026\/03\/DSC_5220nk-100x100.jpg",100,100,true]},"uagb_author_info":{"display_name":"cristina_pascaru02@yahoo.com","author_link":"https:\/\/artmovementsmag.ro\/en\/author\/cristina_pascaru02yahoo-com\/"},"uagb_comment_info":0,"uagb_excerpt":"\u201eC\u00e2nd culoarea \u00eent\u00e2lne\u0219te elegan\u021ba: Universul lui Marcel Lup\u0219e \u00een s\u0103lile Muzeului de Arta din Cluj-Napoca\u201e","_links":{"self":[{"href":"https:\/\/artmovementsmag.ro\/en\/wp-json\/wp\/v2\/posts\/3291","targetHints":{"allow":["GET"]}}],"collection":[{"href":"https:\/\/artmovementsmag.ro\/en\/wp-json\/wp\/v2\/posts"}],"about":[{"href":"https:\/\/artmovementsmag.ro\/en\/wp-json\/wp\/v2\/types\/post"}],"author":[{"embeddable":true,"href":"https:\/\/artmovementsmag.ro\/en\/wp-json\/wp\/v2\/users\/1"}],"replies":[{"embeddable":true,"href":"https:\/\/artmovementsmag.ro\/en\/wp-json\/wp\/v2\/comments?post=3291"}],"version-history":[{"count":40,"href":"https:\/\/artmovementsmag.ro\/en\/wp-json\/wp\/v2\/posts\/3291\/revisions"}],"predecessor-version":[{"id":3728,"href":"https:\/\/artmovementsmag.ro\/en\/wp-json\/wp\/v2\/posts\/3291\/revisions\/3728"}],"wp:featuredmedia":[{"embeddable":true,"href":"https:\/\/artmovementsmag.ro\/en\/wp-json\/wp\/v2\/media\/3292"}],"wp:attachment":[{"href":"https:\/\/artmovementsmag.ro\/en\/wp-json\/wp\/v2\/media?parent=3291"}],"wp:term":[{"taxonomy":"category","embeddable":true,"href":"https:\/\/artmovementsmag.ro\/en\/wp-json\/wp\/v2\/categories?post=3291"},{"taxonomy":"post_tag","embeddable":true,"href":"https:\/\/artmovementsmag.ro\/en\/wp-json\/wp\/v2\/tags?post=3291"}],"curies":[{"name":"wp","href":"https:\/\/api.w.org\/{rel}","templated":true}]}}